{"id":2781,"date":"2025-04-01T11:41:02","date_gmt":"2025-04-01T11:41:02","guid":{"rendered":"https:\/\/onivia.net\/es\/?p=2781"},"modified":"2025-05-08T14:00:38","modified_gmt":"2025-05-08T14:00:38","slug":"onivia-refuerza-su-liderazgo-con-la-incorporacion-de-pedro-fernandez-hernandez-como-cco-para-acelerar-su-expansion","status":"publish","type":"post","link":"https:\/\/onivia.net\/es\/onivia-incorpora-pedro-fernandez-hernandez-como-cco\/","title":{"rendered":"Onivia refuerza su liderazgo con la incorporaci\u00f3n de Pedro Fern\u00e1ndez Hern\u00e1ndez como CCO para acelerar su expansi\u00f3n"},"content":{"rendered":"<p>Onivia, operador mayorista de fibra neutro e independiente, anuncia el nombramiento de Pedro Fern\u00e1ndez Hern\u00e1ndez como Chief Commercial Officer (CCO), cerrando as\u00ed la composici\u00f3n de su equipo directivo. Con esta incorporaci\u00f3n, Onivia refuerza su estrategia comercial para acelerar su expansi\u00f3n y consolidarse como referente en el mercado. Fern\u00e1ndez Hern\u00e1ndez aportar\u00e1 su experiencia en desarrollo de negocio, especialmente en alianzas estrat\u00e9gicas, acuerdos comerciales y nuevas l\u00edneas de negocio, aspectos clave para impulsar el crecimiento de Onivia y afianzar su liderazgo como operador mayorista de fibra neutro en Espa\u00f1a.<\/p>\n<p>Fern\u00e1ndez Hern\u00e1ndez es Ingeniero de Telecomunicaciones y m\u00e1ster en Administraci\u00f3n de Empresas y Direcci\u00f3n Comercial y Marketing por el Instituto de Empresa, con m\u00e1s de 20 a\u00f1os de experiencia en desarrollo de negocio y estrategia comercial. Su carrera profesional ha estado muy vinculada al sector de la tecnolog\u00eda y las telecomunicaciones, donde ha ocupado cargos de alta responsabilidad en compa\u00f1\u00edas como Telef\u00f3nica y Orange, en las que se especializ\u00f3 en marketing y comercializaci\u00f3n tanto B2C como B2B. Su trayectoria tambi\u00e9n incluye la gesti\u00f3n de soluciones digitales y alianzas estrat\u00e9gicas en firmas como CEO en QDQ.<\/p>\n<p><em>\u00ab<\/em><em>Con <\/em><em>la incorporaci\u00f3n<\/em><em> de <\/em><em>Pedro Fern\u00e1ndez, sumamos un perfil estrat\u00e9gico clave a nuestro equipo directivo,<\/em><em> en <\/em><em>un momento donde la flexibilidad<\/em><em> y <\/em><em>la eficiencia son esenciales para<\/em><em> el <\/em><em>mercado.<\/em><em> Su profundo conocimiento <\/em><em>de la industria<\/em><em> y su capacidad para detectar oportunidades ser\u00e1n fundamentales para la evoluci\u00f3n de Onivia, fortaleciendo las relaciones con los operadores, y generando alianzas con nuevas industrias que permitir\u00e1n consolidar a Onivia como el operador <\/em><em>mayorista de fibra neutro e independiente<\/em><em> de referencia en Espa\u00f1a<\/em><em>\u00ab, <\/em>destaca Jos\u00e9 Antonio V\u00e1zquez, CEO de Onivia<em>.<\/em><\/p>\n<p>Por su parte, Pedro Fern\u00e1ndez Hern\u00e1ndez, Chief Commercial Officer (CCO), se\u00f1ala:<em> \u00abEs un honor unirme a Onivia en un momento crucial para la industria de las telecomunicaciones. La compa\u00f1\u00eda est\u00e1 demostrando su capacidad para transformar el mercado de fibra en Espa\u00f1a y pondr\u00e9 todo mi empe\u00f1o en impulsar la propuesta de valor de Onivia, reforzando el nivel de servicio para consolidar a Onivia como el socio estrat\u00e9gico preferente de los operadores de telecomunicaciones y otros clientes\u00bb.<\/em><\/p>\n<p><strong>Un equipo directivo cohesionado y fortalecido para liderar la nueva etapa de Onivia<\/strong><\/p>\n<p>El equipo directivo de Onivia se consolida con las recientes incorporaciones de Pedro Fern\u00e1ndez como Chief Commercial Officer y Celma Pires como Chief Financial Officer (CFO), anunciada semanas atr\u00e1s. Estos profesionales se unen a un equipo s\u00f3lido y experimentado encabezado por Jos\u00e9 Antonio V\u00e1zquez (CEO) e integrado por Isabel Enr\u00edquez (Chief Information Officer), Jorge M\u00e9ndez (Chief Technology Officer) e Ic\u00edar Mart\u00ednez (Governance &amp; Corporate Communications Director). Este grupo de liderazgo estrat\u00e9gico colabora de manera estrecha para enfrentar los desaf\u00edos del sector, optimizar el modelo de negocio y continuar impulsando el crecimiento sostenible de la compa\u00f1\u00eda.<\/p>","protected":false},"excerpt":{"rendered":"Onivia, operador mayorista de fibra neutro e independiente, anuncia el nombramiento de Pedro Fern\u00e1ndez Hern\u00e1ndez como Chief Commercial Officer (CCO), cerrando as\u00ed la composici\u00f3n de su equipo directivo. Con esta incorporaci\u00f3n, Onivia refuerza su estrategia comercial para acelerar su expansi\u00f3n y consolidarse como referente en el mercado. Fern\u00e1ndez Hern\u00e1ndez aportar\u00e1 su experiencia en desarrollo de&#8230;","protected":false},"author":6,"featured_media":2829,"comment_status":"closed","ping_status":"closed","sticky":false,"template":"","format":"standard","meta":{"_acf_changed":false,"inline_featured_image":false,"footnotes":""},"categories":[8],"tags":[],"class_list":["post-2781","post","type-post","status-publish","format-standard","has-post-thumbnail","hentry","category-somos-onivia"],"acf":[],"yoast_head":"<!-- This site is optimized with the Yoast SEO plugin v26.0 - https:\/\/yoast.com\/wordpress\/plugins\/seo\/ -->\n<title>Onivia refuerza su liderazgo con la incorporaci\u00f3n de Pedro Fern\u00e1ndez Hern\u00e1ndez como CCO para acelerar su expansi\u00f3n - Onivia<\/title>\n<meta name=\"robots\" content=\"index, follow, max-snippet:-1, max-image-preview:large, max-video-preview:-1\" \/>\n<link rel=\"canonical\" href=\"https:\/\/onivia.net\/es\/onivia-incorpora-pedro-fernandez-hernandez-como-cco\/\" \/>\n<meta property=\"og:locale\" content=\"es_ES\" \/>\n<meta property=\"og:type\" content=\"article\" \/>\n<meta property=\"og:title\" content=\"[:es]Onivia refuerza su liderazgo con la incorporaci\u00f3n de Pedro Fern\u00e1ndez Hern\u00e1ndez como CCO para acelerar su expansi\u00f3n[:en]Onivia strengthens its leadership with the appointment of Pedro Fern\u00e1ndez Hern\u00e1ndez as CCO to drive its expansion.[:] - Onivia\" \/>\n<meta property=\"og:description\" content=\"Onivia, operador mayorista de fibra neutro e independiente, anuncia el nombramiento de Pedro Fern\u00e1ndez Hern\u00e1ndez como Chief Commercial Officer (CCO), cerrando as\u00ed la composici\u00f3n de su equipo directivo. Con esta incorporaci\u00f3n, Onivia refuerza su estrategia comercial para acelerar su expansi\u00f3n y consolidarse como referente en el mercado. Fern\u00e1ndez Hern\u00e1ndez aportar\u00e1 su experiencia en desarrollo de...\" \/>\n<meta property=\"og:url\" content=\"https:\/\/onivia.net\/es\/onivia-incorpora-pedro-fernandez-hernandez-como-cco\/\" \/>\n<meta property=\"og:site_name\" content=\"Onivia\" \/>\n<meta property=\"article:published_time\" content=\"2025-04-01T11:41:02+00:00\" \/>\n<meta property=\"article:modified_time\" content=\"2025-05-08T14:00:38+00:00\" \/>\n<meta property=\"og:image\" content=\"https:\/\/onivia.net\/wp-content\/uploads\/2025\/05\/nombramiento-pedro.png\" \/>\n\t<meta property=\"og:image:width\" content=\"850\" \/>\n\t<meta property=\"og:image:height\" content=\"528\" \/>\n\t<meta property=\"og:image:type\" content=\"image\/png\" \/>\n<meta name=\"author\" content=\"iciar\" \/>\n<meta name=\"twitter:card\" content=\"summary_large_image\" \/>\n<meta name=\"twitter:label1\" content=\"Escrito por\" \/>\n\t<meta name=\"twitter:data1\" content=\"iciar\" \/>\n\t<meta name=\"twitter:label2\" content=\"Tiempo de lectura\" \/>\n\t<meta name=\"twitter:data2\" content=\"3 minutos\" \/>\n<script type=\"application\/ld+json\" class=\"yoast-schema-graph\">{\"@context\":\"https:\/\/schema.org\",\"@graph\":[{\"@type\":\"WebPage\",\"@id\":\"https:\/\/onivia.net\/es\/onivia-incorpora-pedro-fernandez-hernandez-como-cco\/\",\"url\":\"https:\/\/onivia.net\/es\/onivia-incorpora-pedro-fernandez-hernandez-como-cco\/\",\"name\":\"[:es]Onivia refuerza su liderazgo con la incorporaci\u00f3n de Pedro Fern\u00e1ndez Hern\u00e1ndez como CCO para acelerar su expansi\u00f3n[:en]Onivia strengthens its leadership with the appointment of Pedro Fern\u00e1ndez Hern\u00e1ndez as CCO to drive its expansion.[:] - Onivia\",\"isPartOf\":{\"@id\":\"https:\/\/onivia.net\/en\/#website\"},\"primaryImageOfPage\":{\"@id\":\"https:\/\/onivia.net\/es\/onivia-incorpora-pedro-fernandez-hernandez-como-cco\/#primaryimage\"},\"image\":{\"@id\":\"https:\/\/onivia.net\/es\/onivia-incorpora-pedro-fernandez-hernandez-como-cco\/#primaryimage\"},\"thumbnailUrl\":\"https:\/\/onivia.net\/wp-content\/uploads\/2025\/05\/nombramiento-pedro.png\",\"datePublished\":\"2025-04-01T11:41:02+00:00\",\"dateModified\":\"2025-05-08T14:00:38+00:00\",\"author\":{\"@id\":\"https:\/\/onivia.net\/en\/#\/schema\/person\/b05a618090eafe74e6d0a228b25697df\"},\"breadcrumb\":{\"@id\":\"https:\/\/onivia.net\/es\/onivia-incorpora-pedro-fernandez-hernandez-como-cco\/#breadcrumb\"},\"inLanguage\":\"es\",\"potentialAction\":[{\"@type\":\"ReadAction\",\"target\":[\"https:\/\/onivia.net\/es\/onivia-incorpora-pedro-fernandez-hernandez-como-cco\/\"]}]},{\"@type\":\"ImageObject\",\"inLanguage\":\"es\",\"@id\":\"https:\/\/onivia.net\/es\/onivia-incorpora-pedro-fernandez-hernandez-como-cco\/#primaryimage\",\"url\":\"https:\/\/onivia.net\/wp-content\/uploads\/2025\/05\/nombramiento-pedro.png\",\"contentUrl\":\"https:\/\/onivia.net\/wp-content\/uploads\/2025\/05\/nombramiento-pedro.png\",\"width\":850,\"height\":528},{\"@type\":\"BreadcrumbList\",\"@id\":\"https:\/\/onivia.net\/es\/onivia-incorpora-pedro-fernandez-hernandez-como-cco\/#breadcrumb\",\"itemListElement\":[{\"@type\":\"ListItem\",\"position\":1,\"name\":\"Portada\",\"item\":\"https:\/\/onivia.net\/es\/\"},{\"@type\":\"ListItem\",\"position\":2,\"name\":\"Onivia refuerza su liderazgo con la incorporaci\u00f3n de Pedro Fern\u00e1ndez Hern\u00e1ndez como CCO para acelerar su expansi\u00f3n\"}]},{\"@type\":\"WebSite\",\"@id\":\"https:\/\/onivia.net\/en\/#website\",\"url\":\"https:\/\/onivia.net\/en\/\",\"name\":\"Onivia\",\"description\":\"\",\"potentialAction\":[{\"@type\":\"SearchAction\",\"target\":{\"@type\":\"EntryPoint\",\"urlTemplate\":\"https:\/\/onivia.net\/en\/?s={search_term_string}\"},\"query-input\":{\"@type\":\"PropertyValueSpecification\",\"valueRequired\":true,\"valueName\":\"search_term_string\"}}],\"inLanguage\":\"es\"},{\"@type\":\"Person\",\"@id\":\"https:\/\/onivia.net\/en\/#\/schema\/person\/b05a618090eafe74e6d0a228b25697df\",\"name\":\"iciar\",\"url\":\"https:\/\/onivia.net\/es\/author\/iciar\/\"}]}<\/script>\n<!-- \/ Yoast SEO plugin. -->","yoast_head_json":{"title":"[:es]Onivia refuerza su liderazgo con la incorporaci\u00f3n de Pedro Fern\u00e1ndez Hern\u00e1ndez como CCO para acelerar su expansi\u00f3n[:en]Onivia strengthens its leadership with the appointment of Pedro Fern\u00e1ndez Hern\u00e1ndez as CCO to drive its expansion.[:] - Onivia","robots":{"index":"index","follow":"follow","max-snippet":"max-snippet:-1","max-image-preview":"max-image-preview:large","max-video-preview":"max-video-preview:-1"},"canonical":"https:\/\/onivia.net\/es\/onivia-incorpora-pedro-fernandez-hernandez-como-cco\/","og_locale":"es_ES","og_type":"article","og_title":"[:es]Onivia refuerza su liderazgo con la incorporaci\u00f3n de Pedro Fern\u00e1ndez Hern\u00e1ndez como CCO para acelerar su expansi\u00f3n[:en]Onivia strengthens its leadership with the appointment of Pedro Fern\u00e1ndez Hern\u00e1ndez as CCO to drive its expansion.[:] - Onivia","og_description":"Onivia, operador mayorista de fibra neutro e independiente, anuncia el nombramiento de Pedro Fern\u00e1ndez Hern\u00e1ndez como Chief Commercial Officer (CCO), cerrando as\u00ed la composici\u00f3n de su equipo directivo. Con esta incorporaci\u00f3n, Onivia refuerza su estrategia comercial para acelerar su expansi\u00f3n y consolidarse como referente en el mercado. Fern\u00e1ndez Hern\u00e1ndez aportar\u00e1 su experiencia en desarrollo de...","og_url":"https:\/\/onivia.net\/es\/onivia-incorpora-pedro-fernandez-hernandez-como-cco\/","og_site_name":"Onivia","article_published_time":"2025-04-01T11:41:02+00:00","article_modified_time":"2025-05-08T14:00:38+00:00","og_image":[{"width":850,"height":528,"url":"https:\/\/onivia.net\/wp-content\/uploads\/2025\/05\/nombramiento-pedro.png","type":"image\/png"}],"author":"iciar","twitter_card":"summary_large_image","twitter_misc":{"Escrito por":"iciar","Tiempo de lectura":"3 minutos"},"schema":{"@context":"https:\/\/schema.org","@graph":[{"@type":"WebPage","@id":"https:\/\/onivia.net\/es\/onivia-incorpora-pedro-fernandez-hernandez-como-cco\/","url":"https:\/\/onivia.net\/es\/onivia-incorpora-pedro-fernandez-hernandez-como-cco\/","name":"[:es]Onivia refuerza su liderazgo con la incorporaci\u00f3n de Pedro Fern\u00e1ndez Hern\u00e1ndez como CCO para acelerar su expansi\u00f3n[:en]Onivia strengthens its leadership with the appointment of Pedro Fern\u00e1ndez Hern\u00e1ndez as CCO to drive its expansion.[:] - Onivia","isPartOf":{"@id":"https:\/\/onivia.net\/en\/#website"},"primaryImageOfPage":{"@id":"https:\/\/onivia.net\/es\/onivia-incorpora-pedro-fernandez-hernandez-como-cco\/#primaryimage"},"image":{"@id":"https:\/\/onivia.net\/es\/onivia-incorpora-pedro-fernandez-hernandez-como-cco\/#primaryimage"},"thumbnailUrl":"https:\/\/onivia.net\/wp-content\/uploads\/2025\/05\/nombramiento-pedro.png","datePublished":"2025-04-01T11:41:02+00:00","dateModified":"2025-05-08T14:00:38+00:00","author":{"@id":"https:\/\/onivia.net\/en\/#\/schema\/person\/b05a618090eafe74e6d0a228b25697df"},"breadcrumb":{"@id":"https:\/\/onivia.net\/es\/onivia-incorpora-pedro-fernandez-hernandez-como-cco\/#breadcrumb"},"inLanguage":"es","potentialAction":[{"@type":"ReadAction","target":["https:\/\/onivia.net\/es\/onivia-incorpora-pedro-fernandez-hernandez-como-cco\/"]}]},{"@type":"ImageObject","inLanguage":"es","@id":"https:\/\/onivia.net\/es\/onivia-incorpora-pedro-fernandez-hernandez-como-cco\/#primaryimage","url":"https:\/\/onivia.net\/wp-content\/uploads\/2025\/05\/nombramiento-pedro.png","contentUrl":"https:\/\/onivia.net\/wp-content\/uploads\/2025\/05\/nombramiento-pedro.png","width":850,"height":528},{"@type":"BreadcrumbList","@id":"https:\/\/onivia.net\/es\/onivia-incorpora-pedro-fernandez-hernandez-como-cco\/#breadcrumb","itemListElement":[{"@type":"ListItem","position":1,"name":"Portada","item":"https:\/\/onivia.net\/es\/"},{"@type":"ListItem","position":2,"name":"Onivia refuerza su liderazgo con la incorporaci\u00f3n de Pedro Fern\u00e1ndez Hern\u00e1ndez como CCO para acelerar su expansi\u00f3n"}]},{"@type":"WebSite","@id":"https:\/\/onivia.net\/en\/#website","url":"https:\/\/onivia.net\/en\/","name":"Onivia","description":"","potentialAction":[{"@type":"SearchAction","target":{"@type":"EntryPoint","urlTemplate":"https:\/\/onivia.net\/en\/?s={search_term_string}"},"query-input":{"@type":"PropertyValueSpecification","valueRequired":true,"valueName":"search_term_string"}}],"inLanguage":"es"},{"@type":"Person","@id":"https:\/\/onivia.net\/en\/#\/schema\/person\/b05a618090eafe74e6d0a228b25697df","name":"iciar","url":"https:\/\/onivia.net\/es\/author\/iciar\/"}]}},"_links":{"self":[{"href":"https:\/\/onivia.net\/es\/wp-json\/wp\/v2\/posts\/2781","targetHints":{"allow":["GET"]}}],"collection":[{"href":"https:\/\/onivia.net\/es\/wp-json\/wp\/v2\/posts"}],"about":[{"href":"https:\/\/onivia.net\/es\/wp-json\/wp\/v2\/types\/post"}],"author":[{"embeddable":true,"href":"https:\/\/onivia.net\/es\/wp-json\/wp\/v2\/users\/6"}],"replies":[{"embeddable":true,"href":"https:\/\/onivia.net\/es\/wp-json\/wp\/v2\/comments?post=2781"}],"version-history":[{"count":1,"href":"https:\/\/onivia.net\/es\/wp-json\/wp\/v2\/posts\/2781\/revisions"}],"predecessor-version":[{"id":2782,"href":"https:\/\/onivia.net\/es\/wp-json\/wp\/v2\/posts\/2781\/revisions\/2782"}],"wp:featuredmedia":[{"embeddable":true,"href":"https:\/\/onivia.net\/es\/wp-json\/wp\/v2\/media\/2829"}],"wp:attachment":[{"href":"https:\/\/onivia.net\/es\/wp-json\/wp\/v2\/media?parent=2781"}],"wp:term":[{"taxonomy":"category","embeddable":true,"href":"https:\/\/onivia.net\/es\/wp-json\/wp\/v2\/categories?post=2781"},{"taxonomy":"post_tag","embeddable":true,"href":"https:\/\/onivia.net\/es\/wp-json\/wp\/v2\/tags?post=2781"}],"curies":[{"name":"wp","href":"https:\/\/api.w.org\/{rel}","templated":true}]}}