{"id":2013,"date":"2023-08-28T11:05:04","date_gmt":"2023-08-28T11:05:04","guid":{"rendered":"https:\/\/onivia.net\/es\/?p=2013"},"modified":"2023-08-28T11:05:04","modified_gmt":"2023-08-28T11:05:04","slug":"conectate-a-la-velocidad-de-la-luz","status":"publish","type":"post","link":"https:\/\/onivia.net\/es\/conectate-a-la-velocidad-de-la-luz\/","title":{"rendered":"Con\u00e9ctate a la velocidad de la luz"},"content":{"rendered":"<p><\/p>\n<h4 class=\"Cuerpo\"><b><span lang=\"ES-TRAD\">En 2023 decidimos aprovechar la renovaci\u00f3n de nuestro sitio web y nuestros objetivos de comunicaci\u00f3n para refrescar nuestra identidad visual.<\/span><\/b><\/h4>\n<p>Le hemos pedido a <a href=\"https:\/\/fullcircle.es\/\">Fullcircle<\/a>, consultora de dise\u00f1o y desarrollo de herramientas digitales, que adem\u00e1s es nuestra agencia de marketing y nos lleva acompa\u00f1ando desde el principio, que nos cuente c\u00f3mo ha vivido el proceso desde su punto de vista y este es el resultado:<\/p>\n<p><em><span lang=\"ES-TRAD\">ORIGEN<\/span><\/em><\/p>\n<p class=\"Cuerpo\"><span lang=\"ES-TRAD\">Los objetivos de la primera web en 2020 y los elementos de comunicaci\u00f3n de la marca eran fundamentalmente presentar <span class=\"Ninguno\"><b>la nueva empresa a nivel corporativo y representar la Red que se estaba construyendo.\u00a0<\/b><\/span><\/span><span lang=\"ES-TRAD\">Para ello se crearon las l\u00edneas rematadas con un punto que iban creciendo y recorriendo la pantalla, creando as\u00ed una red que llegaba hasta el \u00faltimo rinc\u00f3n del espacio. Esa l\u00ednea con un punto representaba adem\u00e1s la fibra \u00f3ptica con la que se construyen esas redes din\u00e1micas de cableado.<\/span><\/p>\n<p><em><span lang=\"ES-TRAD\">NUEVOS OBJETIVOS<\/span><\/em><\/p>\n<p class=\"Cuerpo\" style=\"margin-bottom: 20.0pt;\"><span lang=\"ES-TRAD\">Actualmente entramos en una nueva fase de comunicaci\u00f3n con un objetivo m\u00e1s comercial. Onivia es ya una marca asentada y conocida en el mercado y la red es ya lo bastante grande. En este momento se busca representar el servicio de Onivia, m\u00e1s que su infraestructura.\u00a0<\/span><span lang=\"ES-TRAD\">Para ello, las l\u00edneas de cables y redes se han reemplazado por la transferencia de la informaci\u00f3n.<\/span><\/p>\n<p class=\"Cuerpo\" style=\"margin-bottom: 20.0pt;\"><span lang=\"ES-TRAD\">Buscamos una representaci\u00f3n de c\u00f3mo funciona la fibra dejando de lado la representaci\u00f3n gr\u00e1fica del cableado f\u00edsico.<\/span><\/p>\n<p class=\"Cuerpo\" style=\"margin-bottom: 20.0pt;\"><span lang=\"ES-TRAD\">Para entender como funciona hemos desgranado los elementos que componen los cables de fibra \u00f3ptica: contienen m\u00faltiples filamentos, los cuales constan de un n\u00facleo, revestimiento y recubrimiento.<\/span><\/p>\n<p><strong>L\u00edneas con movimiento<\/strong><\/p>\n<p>Queremos representar el servicio, b\u00e1sicamente la trasferencia de datos a trav\u00e9s de fibra \u00f3ptica, es decir, de luz. Para ello tomamos la composici\u00f3n del cable de fibra.<br \/>\nCada cable, consta de m\u00faltiples filamentos y por consiguiente, tambi\u00e9n contiene varios n\u00facleos. Estos n\u00facleos son los encargados de transmitir la luz\/informaci\u00f3n a lo largo del recorrido.<\/p>\n<p><img loading=\"lazy\" decoding=\"async\" class=\"aligncenter wp-image-2015 size-large\" src=\"https:\/\/onivia.net\/wp-content\/uploads\/2023\/08\/01-esquema-fibra-optica-1024x440.png\" alt=\"\" width=\"1024\" height=\"440\" \/><\/p>\n<p>Representamos los n\u00facleos a trav\u00e9s de m\u00faltiples l\u00edneas de color en movimiento, creando la sensaci\u00f3n de que la luz\/informaci\u00f3n viaja. Adem\u00e1s, teniendo en cuenta que la intensidad de informaci\u00f3n puede ir variando y para reforzar a\u00fan m\u00e1s el efecto de transmisi\u00f3n de la luz, se ha optado por representar cada l\u00ednea con un color de la gama corporativa que va cambiando hasta llegar a crear un degradado que da la sensaci\u00f3n de movimiento constante.<\/p>\n<p>Se han creado 3 modelos de gr\u00e1ficas de l\u00edneas animadas:<\/p>\n<p><img loading=\"lazy\" decoding=\"async\" class=\"alignnone wp-image-2017 size-large\" src=\"https:\/\/onivia.net\/wp-content\/uploads\/2023\/08\/02-2-ondas-corporativas-1024x298.png\" alt=\"\" width=\"1024\" height=\"298\" \/><\/p>\n<p>1.\u00a0 <strong>Onivia<\/strong>: el primero, horizontal, ondulante y lineal representa a Onivia y su servicio, din\u00e1mico y constante.<\/p>\n<p>2.\u00a0 <strong>Impulsa<\/strong>: Para el servicio impulsa se ha creado una gr\u00e1fica tubular con forma c\u00f3nica cuyo movimiento es ascendente y creciente. Este movimiento da la sensaci\u00f3n de crecimiento, de que se lanza la informaci\u00f3n amplificada, como un meg\u00e1fono. Este gr\u00e1fico utiliza los colores del servicio formados por el degradado entre el turquesa y el naranja de resalte<\/p>\n<p>3.\u00a0 <strong>Integra<\/strong>: En el caso de Integra, la gr\u00e1fica se basa en una forma org\u00e1nica amplia cuyo movimiento es conc\u00e9ntrico, como un latido de un organismo. Un refuerzo.<\/p>\n<p><strong>Ilustraciones animadas<\/strong><\/p>\n<p>Aplicando el mismo concepto de que la informaci\u00f3n\/luz viaja a trav\u00e9s de las l\u00edneas, se han creado ilustraciones de apoyo gr\u00e1fico, Se trata de ilustraciones de l\u00ednea continua y se han animado con una l\u00ednea m\u00e1s gruesa que recorre el dibujo dando la sensaci\u00f3n de que el dato est\u00e1 recorriendo toda la red para llegar a su destino. Al hacerlo se resalta la imagen ilustrada.<\/p>\n<p>Estas ilustraciones quieren representar adem\u00e1s los entornos en los que Onivia tiene presencia, y los servicios que ofrece: Hogares y pueblos, dispositivos y servicios.<\/p>\n<p>&nbsp;<\/p>\n<p><img loading=\"lazy\" decoding=\"async\" class=\"aligncenter wp-image-2020 size-full\" src=\"https:\/\/onivia.net\/wp-content\/uploads\/2023\/08\/03-3-ilustracion-hogares.jpg\" alt=\"\" width=\"1500\" height=\"585\" \/><\/p>\n<p><strong>El espacio de color<\/strong><\/p>\n<p>En esta propuesta se ha modificado un poco el espacio de color reforzando el d\u00fao de colores corporativos para dotar a las im\u00e1genes de m\u00e1s intensidad.<\/p>\n<p>Por un lado se ha elegido un azul muy oscuro e intenso sobre el que los turquesas, azules y naranjas corporativos resaltan y crean efecto de luz.<\/p>\n<p>Por otra lado se ha dado mucho protagonismo al blanco, representaci\u00f3n de la luz total, creando bloques con gran predominancia de blanco para dar espacio, limpieza y ligereza al contenido adem\u00e1s de una imagen muy moderna.<\/p>\n<p>Tambi\u00e9n se usa el blanco sobre el azul oscuro para aumentar el contraste.<\/p>\n<p><img loading=\"lazy\" decoding=\"async\" class=\"aligncenter wp-image-2021 size-full\" src=\"https:\/\/onivia.net\/wp-content\/uploads\/2023\/08\/04-colores-onivia.jpg\" alt=\"\" width=\"1500\" height=\"182\" \/><\/p>\n<p><strong>Efecto \u201cglass morphing\u201d<\/strong><\/p>\n<p>Para el efecto transl\u00facido que se aplica en algunos de los fondos, nos basamos en el revestimiento \u201ccladding\u201d, encargado de evitar la dispersi\u00f3n de la luz y compuesto generalmente de vidrio, el cual se representa mediante el efecto vidrio esmerilado.<\/p>\n<p><img loading=\"lazy\" decoding=\"async\" class=\"aligncenter wp-image-2022 size-full\" src=\"https:\/\/onivia.net\/wp-content\/uploads\/2023\/08\/05-efecto-glass.jpg\" alt=\"\" width=\"1500\" height=\"938\" \/><\/p>\n<p><strong>Elementos gr\u00e1ficos propios en lugar de im\u00e1genes<\/strong><\/p>\n<p>Para evitar el uso de im\u00e1genes de recurso y crear una identidad propia en todos los mensajes, se evita el uso de im\u00e1genes y se reemplazando elementos de apoyo gr\u00e1fico como los gr\u00e1ficos de l\u00edneas o las ilustraciones y se da mucha m\u00e1s importancia a los bloques de textos con un tratamiento tipogr\u00e1fico contundente y de tama\u00f1o grande.<\/p>\n<p>Las \u00fanicas im\u00e1genes que hay en la web son las fotos del equipo y las im\u00e1genes que ilustran el blog.<\/p>\n<h4>\u00a1No esperes m\u00e1s y navega por nuestra web para ver todos estos efectos!<\/h4>\n<p>&nbsp;<\/p>","protected":false},"excerpt":{"rendered":"En 2023 decidimos aprovechar la renovaci\u00f3n de nuestro sitio web y nuestros objetivos de comunicaci\u00f3n para refrescar nuestra identidad visual. Le hemos pedido a Fullcircle, consultora de dise\u00f1o y desarrollo de herramientas digitales, que adem\u00e1s es nuestra agencia de marketing y nos lleva acompa\u00f1ando desde el principio, que nos cuente c\u00f3mo ha vivido el proceso&#8230;","protected":false},"author":6,"featured_media":2016,"comment_status":"closed","ping_status":"closed","sticky":false,"template":"","format":"standard","meta":{"_acf_changed":false,"inline_featured_image":false,"footnotes":""},"categories":[8],"tags":[],"class_list":["post-2013","post","type-post","status-publish","format-standard","has-post-thumbnail","hentry","category-somos-onivia"],"acf":[],"yoast_head":"<!-- This site is optimized with the Yoast SEO plugin v26.0 - https:\/\/yoast.com\/wordpress\/plugins\/seo\/ -->\n<title>Con\u00e9ctate a la velocidad de la luz - Onivia<\/title>\n<meta name=\"robots\" content=\"index, follow, max-snippet:-1, max-image-preview:large, max-video-preview:-1\" \/>\n<link rel=\"canonical\" href=\"https:\/\/onivia.net\/es\/conectate-a-la-velocidad-de-la-luz\/\" \/>\n<meta property=\"og:locale\" content=\"es_ES\" \/>\n<meta property=\"og:type\" content=\"article\" \/>\n<meta property=\"og:title\" content=\"[:es]Con\u00e9ctate a la velocidad de la luz[:] - Onivia\" \/>\n<meta property=\"og:description\" content=\"En 2023 decidimos aprovechar la renovaci\u00f3n de nuestro sitio web y nuestros objetivos de comunicaci\u00f3n para refrescar nuestra identidad visual. Le hemos pedido a Fullcircle, consultora de dise\u00f1o y desarrollo de herramientas digitales, que adem\u00e1s es nuestra agencia de marketing y nos lleva acompa\u00f1ando desde el principio, que nos cuente c\u00f3mo ha vivido el proceso...\" \/>\n<meta property=\"og:url\" content=\"https:\/\/onivia.net\/es\/conectate-a-la-velocidad-de-la-luz\/\" \/>\n<meta property=\"og:site_name\" content=\"Onivia\" \/>\n<meta property=\"article:published_time\" content=\"2023-08-28T11:05:04+00:00\" \/>\n<meta property=\"og:image\" content=\"https:\/\/onivia.net\/wp-content\/uploads\/2023\/08\/02-1-ondas-corporativas-homepage.jpg\" \/>\n\t<meta property=\"og:image:width\" content=\"1500\" \/>\n\t<meta property=\"og:image:height\" content=\"938\" \/>\n\t<meta property=\"og:image:type\" content=\"image\/jpeg\" \/>\n<meta name=\"author\" content=\"iciar\" \/>\n<meta name=\"twitter:card\" content=\"summary_large_image\" \/>\n<meta name=\"twitter:label1\" content=\"Escrito por\" \/>\n\t<meta name=\"twitter:data1\" content=\"iciar\" \/>\n\t<meta name=\"twitter:label2\" content=\"Tiempo de lectura\" \/>\n\t<meta name=\"twitter:data2\" content=\"5 minutos\" \/>\n<script type=\"application\/ld+json\" class=\"yoast-schema-graph\">{\"@context\":\"https:\/\/schema.org\",\"@graph\":[{\"@type\":\"WebPage\",\"@id\":\"https:\/\/onivia.net\/es\/conectate-a-la-velocidad-de-la-luz\/\",\"url\":\"https:\/\/onivia.net\/es\/conectate-a-la-velocidad-de-la-luz\/\",\"name\":\"[:es]Con\u00e9ctate a la velocidad de la luz[:] - Onivia\",\"isPartOf\":{\"@id\":\"https:\/\/onivia.net\/en\/#website\"},\"primaryImageOfPage\":{\"@id\":\"https:\/\/onivia.net\/es\/conectate-a-la-velocidad-de-la-luz\/#primaryimage\"},\"image\":{\"@id\":\"https:\/\/onivia.net\/es\/conectate-a-la-velocidad-de-la-luz\/#primaryimage\"},\"thumbnailUrl\":\"https:\/\/onivia.net\/wp-content\/uploads\/2023\/08\/02-1-ondas-corporativas-homepage.jpg\",\"datePublished\":\"2023-08-28T11:05:04+00:00\",\"author\":{\"@id\":\"https:\/\/onivia.net\/en\/#\/schema\/person\/b05a618090eafe74e6d0a228b25697df\"},\"breadcrumb\":{\"@id\":\"https:\/\/onivia.net\/es\/conectate-a-la-velocidad-de-la-luz\/#breadcrumb\"},\"inLanguage\":\"es\",\"potentialAction\":[{\"@type\":\"ReadAction\",\"target\":[\"https:\/\/onivia.net\/es\/conectate-a-la-velocidad-de-la-luz\/\"]}]},{\"@type\":\"ImageObject\",\"inLanguage\":\"es\",\"@id\":\"https:\/\/onivia.net\/es\/conectate-a-la-velocidad-de-la-luz\/#primaryimage\",\"url\":\"https:\/\/onivia.net\/wp-content\/uploads\/2023\/08\/02-1-ondas-corporativas-homepage.jpg\",\"contentUrl\":\"https:\/\/onivia.net\/wp-content\/uploads\/2023\/08\/02-1-ondas-corporativas-homepage.jpg\",\"width\":1500,\"height\":938},{\"@type\":\"BreadcrumbList\",\"@id\":\"https:\/\/onivia.net\/es\/conectate-a-la-velocidad-de-la-luz\/#breadcrumb\",\"itemListElement\":[{\"@type\":\"ListItem\",\"position\":1,\"name\":\"Portada\",\"item\":\"https:\/\/onivia.net\/es\/\"},{\"@type\":\"ListItem\",\"position\":2,\"name\":\"Con\u00e9ctate a la velocidad de la luz\"}]},{\"@type\":\"WebSite\",\"@id\":\"https:\/\/onivia.net\/en\/#website\",\"url\":\"https:\/\/onivia.net\/en\/\",\"name\":\"Onivia\",\"description\":\"\",\"potentialAction\":[{\"@type\":\"SearchAction\",\"target\":{\"@type\":\"EntryPoint\",\"urlTemplate\":\"https:\/\/onivia.net\/en\/?s={search_term_string}\"},\"query-input\":{\"@type\":\"PropertyValueSpecification\",\"valueRequired\":true,\"valueName\":\"search_term_string\"}}],\"inLanguage\":\"es\"},{\"@type\":\"Person\",\"@id\":\"https:\/\/onivia.net\/en\/#\/schema\/person\/b05a618090eafe74e6d0a228b25697df\",\"name\":\"iciar\",\"url\":\"https:\/\/onivia.net\/es\/author\/iciar\/\"}]}<\/script>\n<!-- \/ Yoast SEO plugin. -->","yoast_head_json":{"title":"[:es]Con\u00e9ctate a la velocidad de la luz[:] - Onivia","robots":{"index":"index","follow":"follow","max-snippet":"max-snippet:-1","max-image-preview":"max-image-preview:large","max-video-preview":"max-video-preview:-1"},"canonical":"https:\/\/onivia.net\/es\/conectate-a-la-velocidad-de-la-luz\/","og_locale":"es_ES","og_type":"article","og_title":"[:es]Con\u00e9ctate a la velocidad de la luz[:] - Onivia","og_description":"En 2023 decidimos aprovechar la renovaci\u00f3n de nuestro sitio web y nuestros objetivos de comunicaci\u00f3n para refrescar nuestra identidad visual. Le hemos pedido a Fullcircle, consultora de dise\u00f1o y desarrollo de herramientas digitales, que adem\u00e1s es nuestra agencia de marketing y nos lleva acompa\u00f1ando desde el principio, que nos cuente c\u00f3mo ha vivido el proceso...","og_url":"https:\/\/onivia.net\/es\/conectate-a-la-velocidad-de-la-luz\/","og_site_name":"Onivia","article_published_time":"2023-08-28T11:05:04+00:00","og_image":[{"width":1500,"height":938,"url":"https:\/\/onivia.net\/wp-content\/uploads\/2023\/08\/02-1-ondas-corporativas-homepage.jpg","type":"image\/jpeg"}],"author":"iciar","twitter_card":"summary_large_image","twitter_misc":{"Escrito por":"iciar","Tiempo de lectura":"5 minutos"},"schema":{"@context":"https:\/\/schema.org","@graph":[{"@type":"WebPage","@id":"https:\/\/onivia.net\/es\/conectate-a-la-velocidad-de-la-luz\/","url":"https:\/\/onivia.net\/es\/conectate-a-la-velocidad-de-la-luz\/","name":"[:es]Con\u00e9ctate a la velocidad de la luz[:] - Onivia","isPartOf":{"@id":"https:\/\/onivia.net\/en\/#website"},"primaryImageOfPage":{"@id":"https:\/\/onivia.net\/es\/conectate-a-la-velocidad-de-la-luz\/#primaryimage"},"image":{"@id":"https:\/\/onivia.net\/es\/conectate-a-la-velocidad-de-la-luz\/#primaryimage"},"thumbnailUrl":"https:\/\/onivia.net\/wp-content\/uploads\/2023\/08\/02-1-ondas-corporativas-homepage.jpg","datePublished":"2023-08-28T11:05:04+00:00","author":{"@id":"https:\/\/onivia.net\/en\/#\/schema\/person\/b05a618090eafe74e6d0a228b25697df"},"breadcrumb":{"@id":"https:\/\/onivia.net\/es\/conectate-a-la-velocidad-de-la-luz\/#breadcrumb"},"inLanguage":"es","potentialAction":[{"@type":"ReadAction","target":["https:\/\/onivia.net\/es\/conectate-a-la-velocidad-de-la-luz\/"]}]},{"@type":"ImageObject","inLanguage":"es","@id":"https:\/\/onivia.net\/es\/conectate-a-la-velocidad-de-la-luz\/#primaryimage","url":"https:\/\/onivia.net\/wp-content\/uploads\/2023\/08\/02-1-ondas-corporativas-homepage.jpg","contentUrl":"https:\/\/onivia.net\/wp-content\/uploads\/2023\/08\/02-1-ondas-corporativas-homepage.jpg","width":1500,"height":938},{"@type":"BreadcrumbList","@id":"https:\/\/onivia.net\/es\/conectate-a-la-velocidad-de-la-luz\/#breadcrumb","itemListElement":[{"@type":"ListItem","position":1,"name":"Portada","item":"https:\/\/onivia.net\/es\/"},{"@type":"ListItem","position":2,"name":"Con\u00e9ctate a la velocidad de la luz"}]},{"@type":"WebSite","@id":"https:\/\/onivia.net\/en\/#website","url":"https:\/\/onivia.net\/en\/","name":"Onivia","description":"","potentialAction":[{"@type":"SearchAction","target":{"@type":"EntryPoint","urlTemplate":"https:\/\/onivia.net\/en\/?s={search_term_string}"},"query-input":{"@type":"PropertyValueSpecification","valueRequired":true,"valueName":"search_term_string"}}],"inLanguage":"es"},{"@type":"Person","@id":"https:\/\/onivia.net\/en\/#\/schema\/person\/b05a618090eafe74e6d0a228b25697df","name":"iciar","url":"https:\/\/onivia.net\/es\/author\/iciar\/"}]}},"_links":{"self":[{"href":"https:\/\/onivia.net\/es\/wp-json\/wp\/v2\/posts\/2013","targetHints":{"allow":["GET"]}}],"collection":[{"href":"https:\/\/onivia.net\/es\/wp-json\/wp\/v2\/posts"}],"about":[{"href":"https:\/\/onivia.net\/es\/wp-json\/wp\/v2\/types\/post"}],"author":[{"embeddable":true,"href":"https:\/\/onivia.net\/es\/wp-json\/wp\/v2\/users\/6"}],"replies":[{"embeddable":true,"href":"https:\/\/onivia.net\/es\/wp-json\/wp\/v2\/comments?post=2013"}],"version-history":[{"count":14,"href":"https:\/\/onivia.net\/es\/wp-json\/wp\/v2\/posts\/2013\/revisions"}],"predecessor-version":[{"id":2038,"href":"https:\/\/onivia.net\/es\/wp-json\/wp\/v2\/posts\/2013\/revisions\/2038"}],"wp:featuredmedia":[{"embeddable":true,"href":"https:\/\/onivia.net\/es\/wp-json\/wp\/v2\/media\/2016"}],"wp:attachment":[{"href":"https:\/\/onivia.net\/es\/wp-json\/wp\/v2\/media?parent=2013"}],"wp:term":[{"taxonomy":"category","embeddable":true,"href":"https:\/\/onivia.net\/es\/wp-json\/wp\/v2\/categories?post=2013"},{"taxonomy":"post_tag","embeddable":true,"href":"https:\/\/onivia.net\/es\/wp-json\/wp\/v2\/tags?post=2013"}],"curies":[{"name":"wp","href":"https:\/\/api.w.org\/{rel}","templated":true}]}}